{"id":118642,"date":"2023-01-31T20:47:43","date_gmt":"2023-01-31T19:47:43","guid":{"rendered":"https:\/\/www.practicalaboral.com\/?p=118642"},"modified":"2025-11-14T14:29:04","modified_gmt":"2025-11-14T13:29:04","slug":"nuevos-permisos-para-conciliacion-y-cuidados","status":"publish","type":"post","link":"https:\/\/www.practicalaboral.com\/?p=118642","title":{"rendered":"Nuevos permisos para conciliaci\u00f3n y cuidados"},"content":{"rendered":"<div class=\"wpb-content-wrapper\"><p>[vc_row row_height_percent=&#8221;0&#8243; override_padding=&#8221;yes&#8221; h_padding=&#8221;2&#8243; top_padding=&#8221;2&#8243; bottom_padding=&#8221;0&#8243; overlay_alpha=&#8221;100&#8243; equal_height=&#8221;yes&#8221; gutter_size=&#8221;3&#8243; column_width_percent=&#8221;100&#8243; shift_y=&#8221;0&#8243; z_index=&#8221;0&#8243; row_height_use_pixel=&#8221;&#8221; uncode_shortcode_id=&#8221;997743&#8243;][vc_column width=&#8221;1\/1&#8243;][vc_row_inner row_inner_height_percent=&#8221;0&#8243; overlay_alpha=&#8221;50&#8243; gutter_size=&#8221;3&#8243; shift_y=&#8221;0&#8243; row_height_use_pixel=&#8221;&#8221;][vc_column_inner column_width_percent=&#8221;100&#8243; position_horizontal=&#8221;left&#8221; align_horizontal=&#8221;align_center&#8221; gutter_size=&#8221;3&#8243; overlay_alpha=&#8221;50&#8243; shift_x=&#8221;0&#8243; shift_y=&#8221;0&#8243; medium_width=&#8221;0&#8243; zoom_width=&#8221;0&#8243; zoom_height=&#8221;0&#8243; width=&#8221;1\/1&#8243;][vc_custom_heading heading_semantic=&#8221;h3&#8243; text_size=&#8221;fontsize-210105&#8243; text_uppercase=&#8221;&#8221; uncode_shortcode_id=&#8221;697457&#8243;]<span style=\"color: #ff6600;\">An\u00e1lisis<\/span>[\/vc_custom_heading][\/vc_column_inner][\/vc_row_inner][vc_row_inner][vc_column_inner width=&#8221;1\/6&#8243;][vc_icon position=&#8221;right&#8221; space_reduced=&#8221;yes&#8221; icon=&#8221;fa fa-link3&#8243; background_style=&#8221;fa-squared&#8221; size=&#8221;fa-3x&#8221; icon_automatic=&#8221;yes&#8221; css_animation=&#8221;zoom-in&#8221; uncode_shortcode_id=&#8221;712422&#8243; link=&#8221;url:https%3A%2F%2Fwww.lamoncloa.gob.es%2Fconsejodeministros%2Fresumenes%2FPaginas%2F2022%2F131222-rp-cministros.aspx|target:_blank|rel:nofollow&#8221;][\/vc_icon][\/vc_column_inner][vc_column_inner width=&#8221;5\/6&#8243;][vc_column_text text_lead=&#8221;yes&#8221; uncode_shortcode_id=&#8221;122599&#8243;]En fecha 13 de diciembre de 2022, el Consejo de Ministros aprob\u00f3 anteproyecto de la Ley de Familias, la cual recoger\u00e1 no solo nuevos permisos para la conciliaci\u00f3n y cuidados de familiares sinos que pretende equiparar los derechos de las parejas de hecho, a los de los matrimonios.[\/vc_column_text][\/vc_column_inner][\/vc_row_inner][\/vc_column][\/vc_row][vc_row][vc_column width=&#8221;1\/1&#8243;][vc_row_inner][vc_column_inner column_width_percent=&#8221;100&#8243; gutter_size=&#8221;3&#8243; font_family=&#8221;font-339240&#8243; overlay_alpha=&#8221;50&#8243; shift_x=&#8221;0&#8243; shift_y=&#8221;0&#8243; shift_y_down=&#8221;0&#8243; z_index=&#8221;0&#8243; medium_width=&#8221;0&#8243; mobile_width=&#8221;0&#8243; css_animation=&#8221;bottom-t-top&#8221; width=&#8221;1\/1&#8243; uncode_shortcode_id=&#8221;143397&#8243;][vc_custom_heading text_color=&#8221;accent&#8221; heading_semantic=&#8221;h3&#8243; text_size=&#8221;h3&#8243; uncode_shortcode_id=&#8221;689615&#8243; text_color_type=&#8221;uncode-palette&#8221;]Novedades[\/vc_custom_heading][vc_column_text uncode_shortcode_id=&#8221;109877&#8243;]Pese a la aprobaci\u00f3n del anteproyecto de la nueva Ley de Familias, hoy en d\u00eda no est\u00e1 claro cu\u00e1l ser\u00e1 la fecha de aprobaci\u00f3n definitiva por parte del Congreso, si bien ser\u00e1 durante el a\u00f1o 2023.<\/p>\n<p>Las previsiones indican que la nueva Ley se articular\u00e1 en torno a cuatro pilares principales:<\/p>\n<ol>\n<li>La ampliaci\u00f3n de la protecci\u00f3n social a las familias y el apoyo a la crianza;<\/li>\n<li>Avanzar en la garant\u00eda del derecho a la conciliaci\u00f3n;<\/li>\n<li>El pleno reconocimiento jur\u00eddico de los distintos tipos de familias que ya existen en nuestro pa\u00eds, y<\/li>\n<li>El reconocimiento y protecci\u00f3n de los derechos de los ni\u00f1os, ni\u00f1as y adolescentes.<\/li>\n<\/ol>\n<p>En este sentido, respecto a la garant\u00eda del derecho a la conciliaci\u00f3n, se crean tres permisos de cuidados, a norma crear\u00e1 tres permisos por cuidados:<\/p>\n<ol>\n<li>Cinco d\u00edas al a\u00f1o retribuidos, para atender a un familiar hasta segundo grado o a un conviviente, con o sin relaci\u00f3n de parentesco;<\/li>\n<li>Hasta ocho semanas de permiso parental que podr\u00e1n disfrutarse de manera continua o discontinua y a tiempo parcial o completo, hasta que el menor cumpla 8 a\u00f1os.<br \/>\nDesde el Ministerio se ha se\u00f1alado que ser\u00e1 de ayuda para las familias por ejemplo en periodos no lectivos o durante la adaptaci\u00f3n en las escuelas infantiles de 0 a 3 a\u00f1os.<\/li>\n<li>Hasta cuatro d\u00edas de permiso por ausencia por fuerza mayor familiar.<\/li>\n<\/ol>\n<p>[\/vc_column_text][\/vc_column_inner][\/vc_row_inner][\/vc_column][\/vc_row]<\/p>\n<\/div>","protected":false},"excerpt":{"rendered":"<p>[vc_row row_height_percent=&#8221;0&#8243; override_padding=&#8221;yes&#8221; h_padding=&#8221;2&#8243; top_padding=&#8221;2&#8243; bottom_padding=&#8221;0&#8243; overlay_alpha=&#8221;100&#8243; equal_height=&#8221;yes&#8221; gutter_size=&#8221;3&#8243; column_width_percent=&#8221;100&#8243; shift_y=&#8221;0&#8243; z_index=&#8221;0&#8243; row_height_use_pixel=&#8221;&#8221; uncode_shortcode_id=&#8221;997743&#8243;][vc_column width=&#8221;1\/1&#8243;][vc_row_inner row_inner_height_percent=&#8221;0&#8243; overlay_alpha=&#8221;50&#8243; gutter_size=&#8221;3&#8243; shift_y=&#8221;0&#8243; row_height_use_pixel=&#8221;&#8221;][vc_column_inner [&hellip;]<\/p>\n","protected":false},"author":1,"featured_media":119921,"comment_status":"open","ping_status":"open","sticky":false,"template":"","format":"standard","meta":{"om_disable_all_campaigns":false,"rank_math_lock_modified_date":false,"_monsterinsights_skip_tracking":false,"_monsterinsights_sitenote_active":false,"_monsterinsights_sitenote_note":"","_monsterinsights_sitenote_category":0,"footnotes":""},"categories":[87],"tags":[],"class_list":["post-118642","post","type-post","status-publish","format-standard","has-post-thumbnail","hentry","category-novedades-boe"],"_links":{"self":[{"href":"https:\/\/www.practicalaboral.com\/index.php?rest_route=\/wp\/v2\/posts\/118642","targetHints":{"allow":["GET"]}}],"collection":[{"href":"https:\/\/www.practicalaboral.com\/index.php?rest_route=\/wp\/v2\/posts"}],"about":[{"href":"https:\/\/www.practicalaboral.com\/index.php?rest_route=\/wp\/v2\/types\/post"}],"author":[{"embeddable":true,"href":"https:\/\/www.practicalaboral.com\/index.php?rest_route=\/wp\/v2\/users\/1"}],"replies":[{"embeddable":true,"href":"https:\/\/www.practicalaboral.com\/index.php?rest_route=%2Fwp%2Fv2%2Fcomments&post=118642"}],"version-history":[{"count":4,"href":"https:\/\/www.practicalaboral.com\/index.php?rest_route=\/wp\/v2\/posts\/118642\/revisions"}],"predecessor-version":[{"id":119348,"href":"https:\/\/www.practicalaboral.com\/index.php?rest_route=\/wp\/v2\/posts\/118642\/revisions\/119348"}],"wp:featuredmedia":[{"embeddable":true,"href":"https:\/\/www.practicalaboral.com\/index.php?rest_route=\/wp\/v2\/media\/119921"}],"wp:attachment":[{"href":"https:\/\/www.practicalaboral.com\/index.php?rest_route=%2Fwp%2Fv2%2Fmedia&parent=118642"}],"wp:term":[{"taxonomy":"category","embeddable":true,"href":"https:\/\/www.practicalaboral.com\/index.php?rest_route=%2Fwp%2Fv2%2Fcategories&post=118642"},{"taxonomy":"post_tag","embeddable":true,"href":"https:\/\/www.practicalaboral.com\/index.php?rest_route=%2Fwp%2Fv2%2Ftags&post=118642"}],"curies":[{"name":"wp","href":"https:\/\/api.w.org\/{rel}","templated":true}]}}